{"id":53684,"date":"2026-04-30T19:44:44","date_gmt":"2026-04-30T19:44:44","guid":{"rendered":"https:\/\/construcaocivil.srv.br\/?p=53684"},"modified":"2026-04-30T19:44:45","modified_gmt":"2026-04-30T19:44:45","slug":"vidraceiro-profissional-guia-para-brilhar-no-mercado","status":"publish","type":"post","link":"https:\/\/construcaocivil.srv.br\/vidraceiro-profissional-guia-para-brilhar-no-mercado\/","title":{"rendered":"Vidraceiro Profissional: Guia para Brilhar no Mercado"},"content":{"rendered":"\n<p>O vidraceiro \u00e9 um profissional essencial na constru\u00e7\u00e3o civil, na decora\u00e7\u00e3o e na manuten\u00e7\u00e3o de im\u00f3veis comerciais e residenciais. Seja para instalar um box de banheiro, uma sacada de vidro temperado, um espelho decorativo, uma fachada de loja ou simplesmente trocar uma janela quebrada, o vidraceiro \u00e9 sempre requisitado. No entanto, o mercado de vidros exige conhecimentos espec\u00edficos que v\u00e3o muito al\u00e9m de &#8220;cortar vidro com esquadria&#8221;.<\/p>\n\n\n\n<p>Trabalhar com vidro envolve riscos de seguran\u00e7a, necessidade de precis\u00e3o milim\u00e9trica, conhecimento sobre diferentes tipos de material (temperado, laminado, float, aramado) e dom\u00ednio de t\u00e9cnicas de instala\u00e7\u00e3o que garantam durabilidade e seguran\u00e7a. Este guia foi criado para orientar voc\u00ea, prestador de servi\u00e7os, a se destacar, cobrar pre\u00e7os justos e construir uma reputa\u00e7\u00e3o s\u00f3lida em um mercado com poucos profissionais verdadeiramente qualificados.<\/p>\n\n\n\n<h2 class=\"wp-block-heading\">As \u00c1reas de Atua\u00e7\u00e3o do Vidraceiro Moderno<\/h2>\n\n\n\n<p>O vidraceiro de antigamente apenas media, cortava e instalava vidros comuns em janelas de madeira ou alum\u00ednio. O profissional de hoje precisa dominar um leque muito mais amplo de segmentos.<\/p>\n\n\n\n<h3 class=\"wp-block-heading\">Vidra\u00e7aria residencial<\/h3>\n\n\n\n<p>\u00c9 a porta de entrada para a maioria dos vidraceiros. Inclui instala\u00e7\u00e3o de boxes de banheiro (portas de correr ou abrir, em vidro temperado), espelhos (colados ou com moldura), sacadas fechadas com vidro temperado, guarda-corpos de vidro, tampos de mesa e prateleiras, al\u00e9m da substitui\u00e7\u00e3o de vidros quebrados em janelas e portas.<\/p>\n\n\n\n<p><strong>Diferenciais neste segmento:<\/strong><\/p>\n\n\n\n<ul class=\"wp-block-list\">\n<li>Conhecimento das normas t\u00e9cnicas para boxes (NBR 15714) e guarda-corpos (NBR 14718).<\/li>\n\n\n\n<li>Capacidade de trocar vidro temperado sem danificar a estrutura da janela.<\/li>\n\n\n\n<li>Instala\u00e7\u00e3o de pel\u00edculas de prote\u00e7\u00e3o (contra sol, privacidade, seguran\u00e7a).<\/li>\n<\/ul>\n\n\n\n<h3 class=\"wp-block-heading\">Vidra\u00e7aria comercial e corporativa<\/h3>\n\n\n\n<p>Aqui o foco \u00e9 em fachadas de lojas (vidro estrutural colado ou em esquadrias de alum\u00ednio), divis\u00f3rias de escrit\u00f3rios (dry-wall com pain\u00e9is de vidro), portas de acesso (balc\u00e3o com puxadores), coberturas em policarbonato ou vidro laminado e vitrines. O cliente empresarial exige rapidez e acabamento impec\u00e1vel porque a loja precisa estar operando.<\/p>\n\n\n\n<p><strong>Diferenciais neste segmento:<\/strong><\/p>\n\n\n\n<ul class=\"wp-block-list\">\n<li>Rapidez na or\u00e7amenta\u00e7\u00e3o (muitas vezes o lojista quer tr\u00eas or\u00e7amentos no mesmo dia).<\/li>\n\n\n\n<li>Conhecimento de seguran\u00e7a contra arrombamento (vidros laminados, pel\u00edculas antifurto).<\/li>\n\n\n\n<li>Atendimento fora do hor\u00e1rio comercial (fechamento da loja \u00e0 noite ou nos finais de semana para n\u00e3o atrapalhar as vendas).<\/li>\n<\/ul>\n\n\n\n<h3 class=\"wp-block-heading\">Esquadrias e fachadas em alum\u00ednio com vidro<\/h3>\n\n\n\n<p>Muitos vidraceiros tamb\u00e9m trabalham com perfis de alum\u00ednio (linha reta, linha tubular, linha de portas de correr). Neste segmento, voc\u00ea n\u00e3o apenas fornece e instala o vidro, mas toda a estrutura. \u00c9 um servi\u00e7o de maior valor agregado e maior responsabilidade (c\u00e1lculo de cargas, veda\u00e7\u00e3o, escoamento de \u00e1gua).<\/p>\n\n\n\n<h2 class=\"wp-block-heading\">Tipos de Vidro e Suas Aplica\u00e7\u00f5es<\/h2>\n\n\n\n<p>Conhecer as propriedades de cada tipo de vidro \u00e9 fundamental para n\u00e3o errar na especifica\u00e7\u00e3o e para cobrar o pre\u00e7o correto.<\/p>\n\n\n\n<figure class=\"wp-block-table\"><table class=\"has-fixed-layout\"><thead><tr><th class=\"has-text-align-left\" data-align=\"left\">Tipo de Vidro<\/th><th class=\"has-text-align-left\" data-align=\"left\">Caracter\u00edsticas<\/th><th class=\"has-text-align-left\" data-align=\"left\">Aplica\u00e7\u00f5es t\u00edpicas<\/th><\/tr><\/thead><tbody><tr><td>Vidro Float (comum)<\/td><td>Liso, transparente, baixa resist\u00eancia a impacto<\/td><td>Quadros, prateleiras leves, substitui\u00e7\u00e3o tempor\u00e1ria<\/td><\/tr><tr><td>Vidro Temperado<\/td><td>5x mais resistente que float, se quebra em milhares de peda\u00e7os pequenos (seguran\u00e7a). N\u00e3o pode ser cortado ap\u00f3s t\u00eampera.<\/td><td>Box de banheiro, guarda-corpos, portas, tampos de mesa, sacadas.<\/td><\/tr><tr><td>Vidro Laminado<\/td><td>Duas ou mais l\u00e2minas com pel\u00edcula de PVB no meio. N\u00e3o estilha\u00e7a (os cacos grudam na pel\u00edcula).<\/td><td>Fachadas, coberturas, guarda-corpos de \u00e1reas comuns, prote\u00e7\u00e3o contra queda.<\/td><\/tr><tr><td>Vidro Aramado<\/td><td>Com tela met\u00e1lica interna. Baixa resist\u00eancia a impacto, mas impede passagem de chamas.<\/td><td>Claraboias, telhados (exigido em alguns c\u00f3digos de obra)<\/td><\/tr><tr><td>Vidro Serigrafado<\/td><td>Com pintura esmaltada em pontos ou faixas (para sinaliza\u00e7\u00e3o ou prote\u00e7\u00e3o solar).<\/td><td>Fachadas comerciais, portas de acesso (faixa na altura dos olhos).<\/td><\/tr><tr><td>Vidro Insulado (duplo)<\/td><td>Duas l\u00e2minas com c\u00e2mara de ar (ou g\u00e1s arg\u00f4nio). Isolamento t\u00e9rmico e ac\u00fastico.<\/td><td>Climas extremos (frio ou calor intenso), casas pr\u00f3ximas a avenidas movimentadas.<\/td><\/tr><\/tbody><\/table><\/figure>\n\n\n\n<h2 class=\"wp-block-heading\">Como Precificar Servi\u00e7os de Vidra\u00e7aria<\/h2>\n\n\n\n<p>A precifica\u00e7\u00e3o no setor de vidros \u00e9 complexa porque o material (a chapa de vidro) tem custo elevado e alto risco de quebra durante o transporte, o manuseio e a instala\u00e7\u00e3o. Um bom vidraceiro precifica de forma a cobrir esses riscos e os custos de log\u00edstica.<\/p>\n\n\n\n<h3 class=\"wp-block-heading\">M\u00e9todos de cobran\u00e7a mais comuns<\/h3>\n\n\n\n<ol start=\"1\" class=\"wp-block-list\">\n<li><strong>Pre\u00e7o por metro quadrado (vidro j\u00e1 cortado e instalado):<\/strong>\u00a0\u00c9 o padr\u00e3o. O valor por m\u00b2 varia conforme o tipo de vidro (float, temperado, laminado), a espessura (5mm, 8mm, 10mm, 12mm), a complexidade do corte (formas retangulares s\u00e3o mais baratas; formas curvas ou com furos para puxadores s\u00e3o mais caras) e a dificuldade de instala\u00e7\u00e3o (andar alto sem elevador, acesso restrito).<\/li>\n\n\n\n<li><strong>Pre\u00e7o do vidro + taxa de instala\u00e7\u00e3o + deslocamento:<\/strong>\u00a0Neste modelo, o cliente paga o material pelo pre\u00e7o de custo mais sua margem, mais uma taxa fixa por hora de instala\u00e7\u00e3o (geralmente R<math xmlns=\"http:\/\/www.w3.org\/1998\/Math\/MathML\"><semantics><mrow><mn>80<\/mn><mi>a<\/mi><mi>R<\/mi><\/mrow><\/semantics><\/math>80<em>a<\/em><em>R<\/em>\u00a0150\/hora) e uma taxa de deslocamento (R<math xmlns=\"http:\/\/www.w3.org\/1998\/Math\/MathML\"><semantics><mrow><mn>30<\/mn><mi>a<\/mi><mi>R<\/mi><\/mrow><\/semantics><\/math>30<em>a<\/em><em>R<\/em>\u00a080 por visita).<\/li>\n\n\n\n<li><strong>Pre\u00e7o por pe\u00e7a (boxes, espelhos, tampos):<\/strong>\u00a0Para servi\u00e7os padronizados (box de banheiro 1,90m x 0,80m, por exemplo), aplique um pre\u00e7o fechado, incluindo todo o material (vidro, ferragens, silicone, canaletas) e a instala\u00e7\u00e3o.<\/li>\n<\/ol>\n\n\n\n<h3 class=\"wp-block-heading\">Fatores que impactam o pre\u00e7o final<\/h3>\n\n\n\n<ul class=\"wp-block-list\">\n<li><strong>Furos e recortes:<\/strong>\u00a0Cada furo para puxador, dobra ou espelho aumenta o custo porque exige maquin\u00e1rio espec\u00edfico (furadeira de bancada com broca copo diamantada) e h\u00e1 risco de quebra.<\/li>\n\n\n\n<li><strong>Polimento de bordas:<\/strong>\u00a0Borda lapidada (polida, sem corte vivo) \u00e9 mais cara que borda apenas esmerilhada. Box de banheiro exige borda polida para seguran\u00e7a.<\/li>\n\n\n\n<li><strong>Log\u00edstica de entrega:<\/strong>\u00a0Transportar chapas grandes de vidro (acima de 2m) requer ve\u00edculo apropriado (carrinho de vidro ou van com suportes) e pode envolver ajuda extra para descarregar.<\/li>\n\n\n\n<li><strong>Garantia:<\/strong>\u00a0Oferecer garantia contra quebra por instala\u00e7\u00e3o (30 a 90 dias) justifica pre\u00e7o 20% maior.<\/li>\n<\/ul>\n\n\n\n<h3 class=\"wp-block-heading\">Tabela Comparativa de Valores por Regi\u00e3o do Brasil (Estimativa 2025)<\/h3>\n\n\n\n<p>Os valores abaixo representam uma m\u00e9dia para&nbsp;<strong>instala\u00e7\u00e3o de vidro temperado (8mm de espessura, borda polida)<\/strong>&nbsp;em um guarda-corpo residencial ou sacada, em \u00e1reas acima de 5m\u00b2, incluindo o fornecimento do vidro, ferragens (espa\u00e7adores, buchas) e m\u00e3o de obra para instala\u00e7\u00e3o. N\u00c3O inclui corrim\u00e3o de alum\u00ednio ou estrutura de apoio.<\/p>\n\n\n\n<figure class=\"wp-block-table\"><table class=\"has-fixed-layout\"><thead><tr><th class=\"has-text-align-left\" data-align=\"left\">Regi\u00e3o<\/th><th class=\"has-text-align-left\" data-align=\"left\">Valor por m\u00b2 (Vidro temperado 8mm instalado)<\/th><th class=\"has-text-align-left\" data-align=\"left\">Box de banheiro (completo, 2 portas + fixo)<\/th><th class=\"has-text-align-left\" data-align=\"left\">Espelho colado (por m\u00b2, incluso instala\u00e7\u00e3o)<\/th><\/tr><\/thead><tbody><tr><td>Sudeste (SP\/RJ\/MG)<\/td><td>R<math xmlns=\"http:\/\/www.w3.org\/1998\/Math\/MathML\"><semantics><mrow><mn>320<\/mn><mi>a<\/mi><mi>R<\/mi><\/mrow><\/semantics><\/math>320<em>a<\/em><em>R<\/em>&nbsp;550<\/td><td>R<math xmlns=\"http:\/\/www.w3.org\/1998\/Math\/MathML\"><semantics><mrow><mn>1.200<\/mn><mi>a<\/mi><mi>R<\/mi><\/mrow><\/semantics><\/math>1.200<em>a<\/em><em>R<\/em>&nbsp;2.200<\/td><td>R<math xmlns=\"http:\/\/www.w3.org\/1998\/Math\/MathML\"><semantics><mrow><mn>180<\/mn><mi>a<\/mi><mi>R<\/mi><\/mrow><\/semantics><\/math>180<em>a<\/em><em>R<\/em>&nbsp;350<\/td><\/tr><tr><td>Sul (PR\/SC\/RS)<\/td><td>R<math xmlns=\"http:\/\/www.w3.org\/1998\/Math\/MathML\"><semantics><mrow><mn>280<\/mn><mi>a<\/mi><mi>R<\/mi><\/mrow><\/semantics><\/math>280<em>a<\/em><em>R<\/em>&nbsp;480<\/td><td>R<math xmlns=\"http:\/\/www.w3.org\/1998\/Math\/MathML\"><semantics><mrow><mn>1.000<\/mn><mi>a<\/mi><mi>R<\/mi><\/mrow><\/semantics><\/math>1.000<em>a<\/em><em>R<\/em>&nbsp;1.900<\/td><td>R<math xmlns=\"http:\/\/www.w3.org\/1998\/Math\/MathML\"><semantics><mrow><mn>150<\/mn><mi>a<\/mi><mi>R<\/mi><\/mrow><\/semantics><\/math>150<em>a<\/em><em>R<\/em>&nbsp;300<\/td><\/tr><tr><td>Centro-Oeste (DF\/GO\/MS)<\/td><td>R<math xmlns=\"http:\/\/www.w3.org\/1998\/Math\/MathML\"><semantics><mrow><mn>260<\/mn><mi>a<\/mi><mi>R<\/mi><\/mrow><\/semantics><\/math>260<em>a<\/em><em>R<\/em>&nbsp;450<\/td><td>R<math xmlns=\"http:\/\/www.w3.org\/1998\/Math\/MathML\"><semantics><mrow><mn>950<\/mn><mi>a<\/mi><mi>R<\/mi><\/mrow><\/semantics><\/math>950<em>a<\/em><em>R<\/em>&nbsp;1.800<\/td><td>R<math xmlns=\"http:\/\/www.w3.org\/1998\/Math\/MathML\"><semantics><mrow><mn>140<\/mn><mi>a<\/mi><mi>R<\/mi><\/mrow><\/semantics><\/math>140<em>a<\/em><em>R<\/em>&nbsp;280<\/td><\/tr><tr><td>Nordeste (BA\/PE\/CE)<\/td><td>R<math xmlns=\"http:\/\/www.w3.org\/1998\/Math\/MathML\"><semantics><mrow><mn>240<\/mn><mi>a<\/mi><mi>R<\/mi><\/mrow><\/semantics><\/math>240<em>a<\/em><em>R<\/em>&nbsp;420<\/td><td>R<math xmlns=\"http:\/\/www.w3.org\/1998\/Math\/MathML\"><semantics><mrow><mn>900<\/mn><mi>a<\/mi><mi>R<\/mi><\/mrow><\/semantics><\/math>900<em>a<\/em><em>R<\/em>&nbsp;1.700<\/td><td>R<math xmlns=\"http:\/\/www.w3.org\/1998\/Math\/MathML\"><semantics><mrow><mn>130<\/mn><mi>a<\/mi><mi>R<\/mi><\/mrow><\/semantics><\/math>130<em>a<\/em><em>R<\/em>&nbsp;260<\/td><\/tr><tr><td>Norte (AM\/PA\/RO)<\/td><td>R<math xmlns=\"http:\/\/www.w3.org\/1998\/Math\/MathML\"><semantics><mrow><mn>220<\/mn><mi>a<\/mi><mi>R<\/mi><\/mrow><\/semantics><\/math>220<em>a<\/em><em>R<\/em>&nbsp;400<\/td><td>R<math xmlns=\"http:\/\/www.w3.org\/1998\/Math\/MathML\"><semantics><mrow><mn>800<\/mn><mi>a<\/mi><mi>R<\/mi><\/mrow><\/semantics><\/math>800<em>a<\/em><em>R<\/em>&nbsp;1.600<\/td><td>R<math xmlns=\"http:\/\/www.w3.org\/1998\/Math\/MathML\"><semantics><mrow><mn>120<\/mn><mi>a<\/mi><mi>R<\/mi><\/mrow><\/semantics><\/math>120<em>a<\/em><em>R<\/em>&nbsp;240<\/td><\/tr><\/tbody><\/table><\/figure>\n\n\n\n<p><strong>Observa\u00e7\u00f5es importantes:<\/strong><\/p>\n\n\n\n<ul class=\"wp-block-list\">\n<li>Para vidro laminado (seguran\u00e7a contra queda), acrescente de 30% a 50% sobre o valor do temperado.<\/li>\n\n\n\n<li>Para vidro float comum (n\u00e3o temperado, sem borda polida), o valor pode ser 40% menor.<\/li>\n\n\n\n<li>Para servi\u00e7os de emerg\u00eancia (vidro quebrado no s\u00e1bado \u00e0 noite), acrescente 100% por urg\u00eancia.<\/li>\n<\/ul>\n\n\n\n<h2 class=\"wp-block-heading\">T\u00e9cnicas e Equipamentos Essenciais para o Vidraceiro Profissional<\/h2>\n\n\n\n<p>O trabalho com vidro exige precis\u00e3o e os equipamentos certos para evitar acidentes (os cortes de vidro s\u00e3o profundos e perigosos) e quebra de material.<\/p>\n\n\n\n<h3 class=\"wp-block-heading\">O kit do vidraceiro bem-equipado<\/h3>\n\n\n\n<ul class=\"wp-block-list\">\n<li><strong>\u00d3culos de seguran\u00e7a e luvas anti-corte (Kevlar ou poliamida revestida):<\/strong>\u00a0Itens obrigat\u00f3rios para manusear qualquer chapa de vidro. Luvas de l\u00e1tex n\u00e3o protegem contra cortes.<\/li>\n\n\n\n<li><strong>Ventosas de vidro (simples e duplas):<\/strong>\u00a0Ventosas de qualidade (com indicador de v\u00e1cuo) s\u00e3o essenciais para transportar chapas pesadas, especialmente acima de 1m\u00b2. Tenha ao menos duas ventosas duplas.<\/li>\n\n\n\n<li><strong>R\u00e9gua de corte T-square (esquadro grande para guiar corte):<\/strong>\u00a0Para cortes retos em vidro float antes da t\u00eampera. O corte n\u00e3o se aplica a vidro j\u00e1 temperado, que n\u00e3o pode ser cortado.<\/li>\n\n\n\n<li><strong>Cortador de vidro (rolete com ponta de diamante ou carboneto de tungst\u00eanio):<\/strong>\u00a0Para cortes manuais em chapas finas. Mantenha sempre a ponta lubrificada (\u00f3leo mineral).<\/li>\n\n\n\n<li><strong>Furadeira de bancada com broca copo diamantada (para furos em vidro temperado antes da t\u00eampera):<\/strong>\u00a0Fazer furo em vidro j\u00e1 temperado \u00e9 imposs\u00edvel; o vidro explode. Portanto, os furos devem ser feitos na f\u00e1brica, antes de ir ao forno.<\/li>\n\n\n\n<li><strong>N\u00edvel a laser (para alinhamento de boxes e guarda-corpos):<\/strong>\u00a0Essencial para garantir que os vidros fiquem perfeitamente na vertical e no n\u00edvel.<\/li>\n<\/ul>\n\n\n\n<h3 class=\"wp-block-heading\">Seguran\u00e7a em primeiro lugar<\/h3>\n\n\n\n<ul class=\"wp-block-list\">\n<li><strong>Nunca manuseie vidro sem luvas e \u00f3culos:<\/strong>\u00a0Cortes de vidro podem cortar tend\u00f5es e nervos, causando danos permanentes.<\/li>\n\n\n\n<li><strong>Transporte correto:<\/strong>\u00a0Chapas de vidro temperado devem ser transportadas na vertical (nunca deitadas) com espa\u00e7adores de EVA ou feltro entre as chapas para n\u00e3o arranhar. Use cintas de amarra\u00e7\u00e3o.<\/li>\n\n\n\n<li><strong>Descarte de cacos:<\/strong>\u00a0Vidro quebrado (especialmente temperado, que vira pequenos cubos) deve ser descartado em caixas de papel\u00e3o grossas ou sacos resistentes com identifica\u00e7\u00e3o &#8220;caco de vidro&#8221;. Nunca misture com lixo comum.<\/li>\n<\/ul>\n\n\n\n<h2 class=\"wp-block-heading\">Erros Fatais Que Comprometem o Servi\u00e7o do Vidraceiro<\/h2>\n\n\n\n<p>A lista abaixo re\u00fane os erros mais comuns cometidos por vidraceiros. Evitar cada um deles eleva instantaneamente sua credibilidade e reduz drasticamente o retrabalho.<\/p>\n\n\n\n<ol start=\"1\" class=\"wp-block-list\">\n<li><strong>Medir errado:<\/strong>\u00a0Medir corretamente \u00e9 a habilidade n\u00famero 1 do vidraceiro. Use trena e me\u00e7a tr\u00eas vezes (largura, altura e profundidade do v\u00e3o) sempre com o mesmo n\u00edvel de refer\u00eancia. Paredes tortas exigem medi\u00e7\u00e3o em tr\u00eas pontos diferentes e escolha do menor tamanho funcional. Uma folga de 3mm a 5mm para cada lado \u00e9 o padr\u00e3o.<\/li>\n\n\n\n<li><strong>Instalar vidro temperado sem buchas de silicone ou espa\u00e7adores de EVA:<\/strong>\u00a0Contato direto do vidro com metal (alum\u00ednio, ferro) ou com alvenaria causa trinca por dilata\u00e7\u00e3o t\u00e9rmica. Sempre use buchas de silicone, espa\u00e7adores de nylon ou feltro nas laterais e no fundo do canal.<\/li>\n\n\n\n<li><strong>Usar silicone errado (\u00e1cido em superf\u00edcies porosas):<\/strong>\u00a0Silicone \u00e1cido pode manchar m\u00e1rmore, granito e algumas pedras. Use silicone neutro (inoxid\u00e1vel) em todas as aplica\u00e7\u00f5es onde n\u00e3o h\u00e1 certeza sobre o material da base.<\/li>\n\n\n\n<li><strong>Subestimar o peso do vidro:<\/strong>\u00a0Vidro pesa muito. Uma chapa de vidro temperado de 10mm com 2,5m\u00b2 pesa cerca de 62kg. Saber calcular o peso \u00e9 essencial para dimensionar ferragens e decidir se o servi\u00e7o exige duas ou tr\u00eas pessoas.<\/li>\n\n\n\n<li><strong>N\u00e3o respeitar as normas de seguran\u00e7a para guarda-corpos:<\/strong>\u00a0Guarda-corpos de vidro em escadas e sacadas devem usar vidro laminado (n\u00e3o temperado) quando h\u00e1 risco de queda de pessoas, exceto quando h\u00e1 corrim\u00e3o de prote\u00e7\u00e3o adicional. Ignorar isso coloca vidas em risco e pode gerar processos criminais.<\/li>\n\n\n\n<li><strong>Aplicar espelho sobre parede \u00famida ou mal preparada:<\/strong>\u00a0Espelhos colados em parede com umidade crescem manchas escuras nas bordas (oxida\u00e7\u00e3o da camada de prata). Sempre prepare a parede com selador ou use espelhos com prote\u00e7\u00e3o de pintura ep\u00f3xi nas bordas.<\/li>\n<\/ol>\n\n\n\n<blockquote class=\"wp-block-quote is-layout-flow wp-block-quote-is-layout-flow\">\n<p><strong>Cita\u00e7\u00e3o de Especialista:<\/strong><br>*&#8221;O erro mais grave que vejo em laudos periciais \u00e9 o uso de vidro temperado em guarda-corpos de \u00e1reas comuns de pr\u00e9dios, em escadas ou em mezaninos. A norma NBR 14718 \u00e9 clara: vidro temperado, quando quebra, cai em milhares de peda\u00e7os e a pessoa perde o apoio. J\u00e1 o vidro laminado, mesmo trincado, permanece no lugar, como se fosse um para-brisa de carro. O problema \u00e9 que o laminado custa mais caro, e muitos vidraceiros &#8216;economizam&#8217; no material para vencer a concorr\u00eancia. O resultado s\u00e3o acidentes grav\u00edssimos, processos milion\u00e1rios e aposentadoria for\u00e7ada da profiss\u00e3o. O vidraceiro respons\u00e1vel especifica o vidro correto, explica o risco ao cliente e, se o cliente insistir no mais barato, recusa o servi\u00e7o e coloca por escrito o motivo. \u00c9 uma quest\u00e3o de \u00e9tica e de sobreviv\u00eancia profissional.&#8221;*<br>\u2014&nbsp;<strong>Fernando Albuquerque<\/strong>, Engenheiro de Seguran\u00e7a do Trabalho (CREA-SP) e perito judicial em acidentes com vidro, com 14 anos de atua\u00e7\u00e3o em sinistros na constru\u00e7\u00e3o civil.<\/p>\n<\/blockquote>\n\n\n\n<h2 class=\"wp-block-heading\">Marketing e Apresenta\u00e7\u00e3o para Vidraceiros<\/h2>\n\n\n\n<p>O mercado de vidra\u00e7aria \u00e9 visual (o resultado \u00e9 imediatamente percept\u00edvel) e baseado em confian\u00e7a (o cliente precisa acreditar que o vidro n\u00e3o vai cair, trincar ou quebrar com o tempo). Sua comunica\u00e7\u00e3o deve refletir essa seriedade.<\/p>\n\n\n\n<h3 class=\"wp-block-heading\">Monte um portf\u00f3lio t\u00e9cnico e visual<\/h3>\n\n\n\n<ul class=\"wp-block-list\">\n<li>Fotografe cada servi\u00e7o mostrando os detalhes: a veda\u00e7\u00e3o de silicone, a fixa\u00e7\u00e3o dos espa\u00e7adores, o alinhamento perfeito, o polimento das bordas.<\/li>\n\n\n\n<li>Se poss\u00edvel, filme um pequeno v\u00eddeo do box abrindo e fechando, ou do guarda-corpo sendo pressionado levemente (para mostrar a estabilidade).<\/li>\n\n\n\n<li>Inclua fotos do transporte e da prote\u00e7\u00e3o do material (carrinho de vidro, cintas, espa\u00e7adores) para mostrar organiza\u00e7\u00e3o.<\/li>\n<\/ul>\n\n\n\n<h3 class=\"wp-block-heading\">Atendimento que transmite seguran\u00e7a t\u00e9cnica<\/h3>\n\n\n\n<ul class=\"wp-block-list\">\n<li>Nunca d\u00ea or\u00e7amento por telefone sem medir. Sempre visite o local, tire fotos das condi\u00e7\u00f5es (paredes tortas, piso desnivelado, acesso dif\u00edcil) e inclua essas observa\u00e7\u00f5es no or\u00e7amento.<\/li>\n\n\n\n<li>Explique ao cliente por que o vidro temperado ou laminado \u00e9 mais caro que o float. A maioria dos clientes n\u00e3o conhece as diferen\u00e7as e pode achar que voc\u00ea est\u00e1 &#8220;tentando vender algo mais caro&#8221;. Educa\u00e7\u00e3o do cliente \u00e9 parte da venda.<\/li>\n\n\n\n<li>Entregue nota fiscal (ou ao menos recibo com CNPJ\/CPF e descri\u00e7\u00e3o detalhada do servi\u00e7o). Vidro \u00e9 um material perigoso; se houver acidente, a documenta\u00e7\u00e3o comprova que voc\u00ea \u00e9 o profissional respons\u00e1vel.<\/li>\n<\/ul>\n\n\n\n<h2 class=\"wp-block-heading\">Anuncie Seu Servi\u00e7o e Preencha Sua Agenda<\/h2>\n\n\n\n<p>Voc\u00ea domina os tipos de vidro, conhece as t\u00e9cnicas de instala\u00e7\u00e3o, evita os erros fatais e sabe se posicionar como um profissional t\u00e9cnico e seguro. Agora, o \u00fanico elemento que separa voc\u00ea do sucesso financeiro \u00e9&nbsp;<strong>a visibilidade<\/strong>.<\/p>\n\n\n\n<p>O mercado de vidra\u00e7aria tem um fluxo constante de demanda: boxes de banheiro para apartamentos novos, guarda-corpos para varandas gourmet, troca de vidros quebrados ap\u00f3s tempestades, fachadas de lojas que precisam de manuten\u00e7\u00e3o. O problema \u00e9 que muitos clientes n\u00e3o sabem onde encontrar um vidraceiro confi\u00e1vel. Eles perguntam para amigos, buscam no Google ou, cada vez mais, recorrem a plataformas especializadas.<\/p>\n\n\n\n<p>O T\u00e1 Contratado foi criado exatamente para conectar prestadores de servi\u00e7os qualificados a clientes reais. Voc\u00ea cria seu perfil em poucos minutos, adiciona suas especialidades, sua \u00e1rea de atua\u00e7\u00e3o e fotos de seus melhores trabalhos. A partir da\u00ed, clientes que buscam por vidraceiro na sua regi\u00e3o entram em contato diretamente.<\/p>\n\n\n\n<p>E voc\u00ea pode testar todo esse potencial sem pagar nada.<\/p>\n\n\n\n<p>\ud83d\udc49&nbsp;<strong><a href=\"https:\/\/tacontratado.com.br\/account\/login\/\" target=\"_blank\" rel=\"noreferrer noopener\">Cadastre-se Agora No T\u00e1 Contratado<\/a><\/strong>&nbsp;e crie seu Perfil de Prestador de Servi\u00e7os totalmente gr\u00e1tis. Anuncie seu servi\u00e7o por 60 dias gr\u00e1tis, receba pedidos de or\u00e7amento e transforme seu conhecimento t\u00e9cnico em contratos fechados. N\u00e3o espere a agenda esvaziar. Cadastre-se hoje e construa a carreira que o seu talento merece.<\/p>\n\n\n\n<h2 class=\"wp-block-heading\">Dicas Extras para o Vidraceiro que Quer Faturar como S\u00eanior<\/h2>\n\n\n\n<p>Se voc\u00ea j\u00e1 tem experi\u00eancia e uma carteira de clientes, estas estrat\u00e9gias v\u00e3o elevar seu neg\u00f3cio a outro patamar.<\/p>\n\n\n\n<h3 class=\"wp-block-heading\">Especialize-se em nichos de alta rentabilidade<\/h3>\n\n\n\n<ul class=\"wp-block-list\">\n<li><strong>Vidro estrutural colado (fachadas de lojas sem esquadria aparente):<\/strong>\u00a0Servi\u00e7o de alto valor agregado, com margens de 50% a 70%.<\/li>\n\n\n\n<li><strong>Sacadas de vidro com sistema de trilhos (abrir e fechar):<\/strong>\u00a0Muito procurado em apartamentos de m\u00e9dio e alto padr\u00e3o. O kit completo pode render de R<math xmlns=\"http:\/\/www.w3.org\/1998\/Math\/MathML\"><semantics><mrow><mn>8.000<\/mn><mi>a<\/mi><mi>R<\/mi><\/mrow><\/semantics><\/math>8.000<em>a<\/em><em>R<\/em>\u00a025.000 por projeto.<\/li>\n\n\n\n<li><strong>Vidros insulados (para isolamento t\u00e9rmico e ac\u00fastico):<\/strong>\u00a0Resid\u00eancias de luxo e consult\u00f3rios m\u00e9dicos pr\u00f3ximos a avenidas pagam bem por esse conforto.<\/li>\n\n\n\n<li><strong>Pel\u00edculas de seguran\u00e7a e arquitet\u00f4nica (controle solar, anti-inseto):<\/strong>\u00a0Voc\u00ea pode terceirizar a instala\u00e7\u00e3o das pel\u00edculas e ganhar uma comiss\u00e3o, ou aprender e oferecer como servi\u00e7o adicional.<\/li>\n<\/ul>\n\n\n\n<h3 class=\"wp-block-heading\">Crie contratos de manuten\u00e7\u00e3o preventiva<\/h3>\n\n\n\n<p>Ofere\u00e7a para condom\u00ednios e empresas um contrato anual de &#8220;vistoria t\u00e9cnica de vidros&#8221;: uma vez por ano voc\u00ea verifica todos os guarda-corpos, boxes e fachadas, aperta ferragens, troca buchas ressecadas, aplica silicone novo onde necess\u00e1rio. Esse servi\u00e7o de manuten\u00e7\u00e3o evita acidentes e gera renda previs\u00edvel.<\/p>\n\n\n\n<h3 class=\"wp-block-heading\">Torne-se um consultor de projetos (para arquitetos)<\/h3>\n\n\n\n<p>Muitos arquitetos projetam com vidro mas n\u00e3o dominam os detalhes t\u00e9cnicos (espessura m\u00ednima para v\u00e3os livres, necessidade de m\u00e3o-francesa, tipo de ferragem). Ofere\u00e7a consultoria paga (R<math xmlns=\"http:\/\/www.w3.org\/1998\/Math\/MathML\"><semantics><mrow><mn>200<\/mn><mi>a<\/mi><mi>R<\/mi><\/mrow><\/semantics><\/math>200<em>a<\/em><em>R<\/em>&nbsp;500 por projeto) para validar a viabilidade t\u00e9cnica e sugerir os melhores materiais. Voc\u00ea ganha pela consultoria e, se indicado, fica com a instala\u00e7\u00e3o.<\/p>\n\n\n\n<p>Ser um vidraceiro profissional de excel\u00eancia \u00e9 uma carreira de alt\u00edssima responsabilidade t\u00e9cnica e seguran\u00e7a. O mercado brasileiro est\u00e1 carente de profissionais que realmente dominam as normas, especificam o vidro correto para cada aplica\u00e7\u00e3o e instalam com precis\u00e3o. Voc\u00ea tem agora o roteiro completo para se tornar uma refer\u00eancia. O pr\u00f3ximo passo \u00e9 se tornar vis\u00edvel. Cadastre-se no T\u00e1 Contratado, publique suas fotos e aguarde os contatos. Seu pr\u00f3ximo grande projeto est\u00e1 a poucos cliques de dist\u00e2ncia.<\/p>\n","protected":false},"excerpt":{"rendered":"<p>O vidraceiro \u00e9 um profissional essencial na constru\u00e7\u00e3o civil, na decora\u00e7\u00e3o e na manuten\u00e7\u00e3o de im\u00f3veis comerciais e residenciais. Seja para instalar um box de banheiro, uma sacada de vidro temperado, um espelho decorativo, uma fachada de loja ou simplesmente trocar uma janela quebrada, o vidraceiro \u00e9 sempre requisitado. No entanto, o mercado de vidros [&hellip;]<\/p>\n","protected":false},"author":1,"featured_media":53644,"comment_status":"open","ping_status":"open","sticky":false,"template":"","format":"standard","meta":{"footnotes":""},"categories":[3],"tags":[12],"class_list":["post-53684","post","type-post","status-publish","format-standard","has-post-thumbnail","hentry","category-prestadores-de-servicos","tag-vidraceiro"],"aioseo_notices":[],"_links":{"self":[{"href":"https:\/\/construcaocivil.srv.br\/wp-json\/wp\/v2\/posts\/53684","targetHints":{"allow":["GET"]}}],"collection":[{"href":"https:\/\/construcaocivil.srv.br\/wp-json\/wp\/v2\/posts"}],"about":[{"href":"https:\/\/construcaocivil.srv.br\/wp-json\/wp\/v2\/types\/post"}],"author":[{"embeddable":true,"href":"https:\/\/construcaocivil.srv.br\/wp-json\/wp\/v2\/users\/1"}],"replies":[{"embeddable":true,"href":"https:\/\/construcaocivil.srv.br\/wp-json\/wp\/v2\/comments?post=53684"}],"version-history":[{"count":1,"href":"https:\/\/construcaocivil.srv.br\/wp-json\/wp\/v2\/posts\/53684\/revisions"}],"predecessor-version":[{"id":53685,"href":"https:\/\/construcaocivil.srv.br\/wp-json\/wp\/v2\/posts\/53684\/revisions\/53685"}],"wp:featuredmedia":[{"embeddable":true,"href":"https:\/\/construcaocivil.srv.br\/wp-json\/wp\/v2\/media\/53644"}],"wp:attachment":[{"href":"https:\/\/construcaocivil.srv.br\/wp-json\/wp\/v2\/media?parent=53684"}],"wp:term":[{"taxonomy":"category","embeddable":true,"href":"https:\/\/construcaocivil.srv.br\/wp-json\/wp\/v2\/categories?post=53684"},{"taxonomy":"post_tag","embeddable":true,"href":"https:\/\/construcaocivil.srv.br\/wp-json\/wp\/v2\/tags?post=53684"}],"curies":[{"name":"wp","href":"https:\/\/api.w.org\/{rel}","templated":true}]}}