{"id":53626,"date":"2026-04-30T07:23:34","date_gmt":"2026-04-30T07:23:34","guid":{"rendered":"https:\/\/construcaocivil.srv.br\/index.php\/2026\/04\/30\/lula-encaminhou-melhor-nome-cabe-ao-senado-explicar-razoes-da-rejeicao-afirma-jose-guimaraes\/"},"modified":"2026-04-30T07:23:34","modified_gmt":"2026-04-30T07:23:34","slug":"lula-encaminhou-melhor-nome-cabe-ao-senado-explicar-razoes-da-rejeicao-afirma-jose-guimaraes","status":"publish","type":"post","link":"https:\/\/construcaocivil.srv.br\/index.php\/2026\/04\/30\/lula-encaminhou-melhor-nome-cabe-ao-senado-explicar-razoes-da-rejeicao-afirma-jose-guimaraes\/","title":{"rendered":"Lula encaminhou melhor nome, cabe ao Senado explicar raz\u00f5es da rejei\u00e7\u00e3o, afirma Jos\u00e9 Guimar\u00e3es"},"content":{"rendered":"<p><iframe loading=\"lazy\" title=\"Lula encaminhou melhor nome, cabe ao Senado explicar raz\u00f5es da rejei\u00e7\u00e3o, afirma Jos\u00e9 Guimar\u00e3es\" width=\"580\" height=\"326\" src=\"https:\/\/www.youtube.com\/embed\/OwCmAQAfQq4?feature=oembed\" frameborder=\"0\" allow=\"accelerometer; autoplay; clipboard-write; encrypted-media; gyroscope; picture-in-picture; web-share\" referrerpolicy=\"strict-origin-when-cross-origin\" allowfullscreen><\/iframe><\/p>\n<p>O ministro das Rela\u00e7\u00f5es Institucionais, Jos\u00e9 Guimar\u00e3es, disse que cabe ao Senado explicar a rejei\u00e7\u00e3o do nome de Jorge Messias para ocupar uma vaga no Supremo Tribunal Federal. O atual advogado-geral da Uni\u00e3o obteve 42 votos contr\u00e1rios e 34 favor\u00e1veis a ocupar a cadeira deixada por Lu\u00eds Roberto Barroso.<\/p>\n<p>Ap\u00f3s a rejei\u00e7\u00e3o do nome do indicado por Lula, na noite desta quarta-feira (29), Guimar\u00e3es afirmou que o presidente seguiu um direito constitucional na escolha por Messias. Ele ainda destacou que o AGU cumpria os requisitos para a vaga e tinha todas as condi\u00e7\u00f5es de ser um grande ministro da Corte Suprema.<\/p>\n<p>#Lula #JorgeMessias #sabatina<\/p>\n<p>Inscreva-se no canal: https:\/\/tinyurl.com\/inscricaobnfm<br \/>\nEntre no nosso site: https:\/\/www.band.uol.com.br\/bandnews-fm<br \/>\nTwitter: http:\/\/www.twitter.com\/radiobandnewsfm<br \/>\nInstagram: http:\/\/www.instagram.com\/radiobandnewsfm<br \/>\nTikTok: https:\/\/www.tiktok.com\/@bandnewsfm<br \/>\nThreads: https:\/\/www.threads.net\/@radiobandnewsfm<br \/>\nFacebook: http:\/\/www.facebook.com\/radiobandnewsfm<\/p>\n","protected":false},"excerpt":{"rendered":"<p>O ministro das Rela\u00e7\u00f5es Institucionais, Jos\u00e9 Guimar\u00e3es, disse que cabe ao Senado explicar a rejei\u00e7\u00e3o do nome de Jorge Messias para ocupar uma vaga no Supremo Tribunal Federal. O atual advogado-geral da Uni\u00e3o obteve 42 votos contr\u00e1rios e 34 favor\u00e1veis a ocupar a cadeira deixada por Lu\u00eds Roberto Barroso. Ap\u00f3s a rejei\u00e7\u00e3o do nome do [&hellip;]<\/p>\n","protected":false},"author":1,"featured_media":53627,"comment_status":"open","ping_status":"open","sticky":false,"template":"","format":"standard","meta":{"footnotes":""},"categories":[2],"tags":[],"class_list":["post-53626","post","type-post","status-publish","format-standard","has-post-thumbnail","hentry","category-videos"],"aioseo_notices":[],"_links":{"self":[{"href":"https:\/\/construcaocivil.srv.br\/index.php\/wp-json\/wp\/v2\/posts\/53626","targetHints":{"allow":["GET"]}}],"collection":[{"href":"https:\/\/construcaocivil.srv.br\/index.php\/wp-json\/wp\/v2\/posts"}],"about":[{"href":"https:\/\/construcaocivil.srv.br\/index.php\/wp-json\/wp\/v2\/types\/post"}],"author":[{"embeddable":true,"href":"https:\/\/construcaocivil.srv.br\/index.php\/wp-json\/wp\/v2\/users\/1"}],"replies":[{"embeddable":true,"href":"https:\/\/construcaocivil.srv.br\/index.php\/wp-json\/wp\/v2\/comments?post=53626"}],"version-history":[{"count":0,"href":"https:\/\/construcaocivil.srv.br\/index.php\/wp-json\/wp\/v2\/posts\/53626\/revisions"}],"wp:featuredmedia":[{"embeddable":true,"href":"https:\/\/construcaocivil.srv.br\/index.php\/wp-json\/wp\/v2\/media\/53627"}],"wp:attachment":[{"href":"https:\/\/construcaocivil.srv.br\/index.php\/wp-json\/wp\/v2\/media?parent=53626"}],"wp:term":[{"taxonomy":"category","embeddable":true,"href":"https:\/\/construcaocivil.srv.br\/index.php\/wp-json\/wp\/v2\/categories?post=53626"},{"taxonomy":"post_tag","embeddable":true,"href":"https:\/\/construcaocivil.srv.br\/index.php\/wp-json\/wp\/v2\/tags?post=53626"}],"curies":[{"name":"wp","href":"https:\/\/api.w.org\/{rel}","templated":true}]}}