{"id":53600,"date":"2026-04-30T07:10:30","date_gmt":"2026-04-30T07:10:30","guid":{"rendered":"https:\/\/construcaocivil.srv.br\/index.php\/2026\/04\/30\/pai-e-morto-na-frente-do-filho-de-sete-anos-durante-tentativa-de-assalto-no-rj\/"},"modified":"2026-04-30T07:10:30","modified_gmt":"2026-04-30T07:10:30","slug":"pai-e-morto-na-frente-do-filho-de-sete-anos-durante-tentativa-de-assalto-no-rj","status":"publish","type":"post","link":"https:\/\/construcaocivil.srv.br\/index.php\/2026\/04\/30\/pai-e-morto-na-frente-do-filho-de-sete-anos-durante-tentativa-de-assalto-no-rj\/","title":{"rendered":"Pai \u00e9 morto na frente do filho de sete anos durante tentativa de assalto no RJ"},"content":{"rendered":"<p>[bmto id=&#8221;1&#8243;]https:\/\/www.youtube.com\/watch?v=B3hhU_agStM[\/bmto]<\/p>\n<p>Marcos Vin\u00edcius Cerqueira Oliveira, de 28 anos, foi morto por criminosos durante uma tentativa de assalto. O incidente ocorreu em S\u00e3o Crist\u00f3v\u00e3o, pr\u00f3ximo ao est\u00e1dio de S\u00e3o Janu\u00e1rio. Marcos estava com o filho de sete anos quando criminosos se aproximaram e dispararam contra ele. A crian\u00e7a, que tinha acabado de sair de um treino de futebol na escolinha do Vasco da Gama, presenciou o assassinato do pai, mas n\u00e3o sofreu ferimentos.<\/p>\n<p>O crime foi registrado por c\u00e2meras de seguran\u00e7a e est\u00e1 sendo investigado pela delegacia de homic\u00eddios local. Os autores estavam em uma moto e usavam capacetes durante a a\u00e7\u00e3o criminosa. Os policiais retornaram \u00e0 cena do crime na tentativa de obter novas imagens que possam ajudar na identifica\u00e7\u00e3o dos suspeitos.<\/p>\n<p>A esposa da v\u00edtima prestou homenagem nas redes sociais, destacando: &#8220;Vou ser forte como voc\u00ea espera que eu seja. Vou ser a Camila que voc\u00ea admirava&#8221;. Fellipe Bastos, ex-jogador vasca\u00edno, tamb\u00e9m comentou sobre o ocorrido nas redes sociais, pedindo paz: &#8220;O Rio de Janeiro pede paz, uma fam\u00edlia perde um filho, um pai, um marido&#8221;.<\/p>\n<p>\u27a1\ufe0f Acompanhe mais not\u00edcias em nosso site oficial:  https:\/\/recordtv.r7.com\/cidade-alerta<\/p>\n<p>Nosso Whatsapp: https:\/\/cidadealerta.r7.com\/whatsapp<br \/>\nInscreva-se no canal Cidade Alerta:   http:\/\/r7.com\/0Fhv<br \/>\nAssista \u00e0s \u00edntegras no RecordPlus:   https:\/\/www.recordplus.com<br \/>\nFacebook:    https:\/\/www.facebook.com\/CidadeAlertaRecord\/<br \/>\nInstagram: https:\/\/www.instagram.com\/cidadealerta\/<br \/>\nTwitter:   https:\/\/twitter.com\/cidadealerta<\/p>\n<p>#CidadeAlerta #ReinaldoGottino<\/p>\n","protected":false},"excerpt":{"rendered":"<p>[bmto id=&#8221;1&#8243;]https:\/\/www.youtube.com\/watch?v=B3hhU_agStM[\/bmto] Marcos Vin\u00edcius Cerqueira Oliveira, de 28 anos, foi morto por criminosos durante uma tentativa de assalto. O incidente ocorreu em S\u00e3o Crist\u00f3v\u00e3o, pr\u00f3ximo ao est\u00e1dio de S\u00e3o Janu\u00e1rio. Marcos estava com o filho de sete anos quando criminosos se aproximaram e dispararam contra ele. A crian\u00e7a, que tinha acabado de sair de um [&hellip;]<\/p>\n","protected":false},"author":1,"featured_media":53601,"comment_status":"open","ping_status":"open","sticky":false,"template":"","format":"standard","meta":{"footnotes":""},"categories":[2],"tags":[],"class_list":["post-53600","post","type-post","status-publish","format-standard","has-post-thumbnail","hentry","category-videos"],"aioseo_notices":[],"_links":{"self":[{"href":"https:\/\/construcaocivil.srv.br\/index.php\/wp-json\/wp\/v2\/posts\/53600","targetHints":{"allow":["GET"]}}],"collection":[{"href":"https:\/\/construcaocivil.srv.br\/index.php\/wp-json\/wp\/v2\/posts"}],"about":[{"href":"https:\/\/construcaocivil.srv.br\/index.php\/wp-json\/wp\/v2\/types\/post"}],"author":[{"embeddable":true,"href":"https:\/\/construcaocivil.srv.br\/index.php\/wp-json\/wp\/v2\/users\/1"}],"replies":[{"embeddable":true,"href":"https:\/\/construcaocivil.srv.br\/index.php\/wp-json\/wp\/v2\/comments?post=53600"}],"version-history":[{"count":0,"href":"https:\/\/construcaocivil.srv.br\/index.php\/wp-json\/wp\/v2\/posts\/53600\/revisions"}],"wp:featuredmedia":[{"embeddable":true,"href":"https:\/\/construcaocivil.srv.br\/index.php\/wp-json\/wp\/v2\/media\/53601"}],"wp:attachment":[{"href":"https:\/\/construcaocivil.srv.br\/index.php\/wp-json\/wp\/v2\/media?parent=53600"}],"wp:term":[{"taxonomy":"category","embeddable":true,"href":"https:\/\/construcaocivil.srv.br\/index.php\/wp-json\/wp\/v2\/categories?post=53600"},{"taxonomy":"post_tag","embeddable":true,"href":"https:\/\/construcaocivil.srv.br\/index.php\/wp-json\/wp\/v2\/tags?post=53600"}],"curies":[{"name":"wp","href":"https:\/\/api.w.org\/{rel}","templated":true}]}}