{"id":53586,"date":"2026-04-30T07:10:23","date_gmt":"2026-04-30T07:10:23","guid":{"rendered":"https:\/\/construcaocivil.srv.br\/index.php\/2026\/04\/30\/ana-paula-renault-reflete-sobre-a-vida-apos-o-bbb26-saia-justa-gnt\/"},"modified":"2026-04-30T07:10:23","modified_gmt":"2026-04-30T07:10:23","slug":"ana-paula-renault-reflete-sobre-a-vida-apos-o-bbb26-saia-justa-gnt","status":"publish","type":"post","link":"https:\/\/construcaocivil.srv.br\/index.php\/2026\/04\/30\/ana-paula-renault-reflete-sobre-a-vida-apos-o-bbb26-saia-justa-gnt\/","title":{"rendered":"Ana Paula Renault reflete sobre a vida ap\u00f3s o #BBB26 | Saia Justa | GNT"},"content":{"rendered":"<p>[bmto id=&#8221;1&#8243;]https:\/\/www.youtube.com\/watch?v=F-pN5dHp_zM[\/bmto]<\/p>\n<p>Campe\u00e3 do #BBB26, Ana Paula Renault foi a convidada especial da estreia da nova temporada do #SaiaJusta e, com tantos holofotes voltados para sua vida ap\u00f3s a sa\u00edda do programa, aproveitou o espa\u00e7o para trazer uma reflex\u00e3o profunda: \u201cn\u00e3o devemos pedir desculpa \u2013 e nem licen\u00e7a! \u2013 por sermos quem somos\u201d \ud83d\udc9d<\/p>\n<p>Gostou? Semana que vem tem mais! O #SaiaJusta \u00e9 toda quarta-feira, \u00e0s 22h30, no meu canal e no @globoplay<br \/>\n\u200b<br \/>\nInscreva-se no canal GNT: http:\/\/bit.ly\/canalGNT<br \/>\nAssista aos programas na \u00edntegra no Globoplay Premium: http:\/\/bit.ly\/GloboplayCanaisGNT<br \/>\nSite: https:\/\/gnt.globo.com\/<br \/>\nFacebook: https:\/\/www.facebook.com\/gnt<br \/>\nInstagram: https:\/\/instagram.com\/gnt\/<br \/>\nTwitter: https:\/\/twitter.com\/canalgnt<br \/>\nPinterest: https:\/\/www.pinterest.com\/canalgnt<br \/>\nTikTok: https:\/\/www.tiktok.com\/@canalgnt<\/p>\n<p>Receitas<br \/>\nYoutube: https:\/\/www.youtube.com\/receitas<br \/>\nFacebook: https:\/\/www.facebook.com\/receitas<br \/>\nInstagram: https:\/\/instagram.com\/receitas<br \/>\nPinterest: https:\/\/www.pinterest.com\/receitas<br \/>\nTikTok: https:\/\/www.tiktok.com\/@receitas<\/p>\n","protected":false},"excerpt":{"rendered":"<p>[bmto id=&#8221;1&#8243;]https:\/\/www.youtube.com\/watch?v=F-pN5dHp_zM[\/bmto] Campe\u00e3 do #BBB26, Ana Paula Renault foi a convidada especial da estreia da nova temporada do #SaiaJusta e, com tantos holofotes voltados para sua vida ap\u00f3s a sa\u00edda do programa, aproveitou o espa\u00e7o para trazer uma reflex\u00e3o profunda: \u201cn\u00e3o devemos pedir desculpa \u2013 e nem licen\u00e7a! \u2013 por sermos quem somos\u201d \ud83d\udc9d Gostou? [&hellip;]<\/p>\n","protected":false},"author":1,"featured_media":53587,"comment_status":"open","ping_status":"open","sticky":false,"template":"","format":"standard","meta":{"footnotes":""},"categories":[2],"tags":[],"class_list":["post-53586","post","type-post","status-publish","format-standard","has-post-thumbnail","hentry","category-videos"],"aioseo_notices":[],"_links":{"self":[{"href":"https:\/\/construcaocivil.srv.br\/index.php\/wp-json\/wp\/v2\/posts\/53586","targetHints":{"allow":["GET"]}}],"collection":[{"href":"https:\/\/construcaocivil.srv.br\/index.php\/wp-json\/wp\/v2\/posts"}],"about":[{"href":"https:\/\/construcaocivil.srv.br\/index.php\/wp-json\/wp\/v2\/types\/post"}],"author":[{"embeddable":true,"href":"https:\/\/construcaocivil.srv.br\/index.php\/wp-json\/wp\/v2\/users\/1"}],"replies":[{"embeddable":true,"href":"https:\/\/construcaocivil.srv.br\/index.php\/wp-json\/wp\/v2\/comments?post=53586"}],"version-history":[{"count":0,"href":"https:\/\/construcaocivil.srv.br\/index.php\/wp-json\/wp\/v2\/posts\/53586\/revisions"}],"wp:featuredmedia":[{"embeddable":true,"href":"https:\/\/construcaocivil.srv.br\/index.php\/wp-json\/wp\/v2\/media\/53587"}],"wp:attachment":[{"href":"https:\/\/construcaocivil.srv.br\/index.php\/wp-json\/wp\/v2\/media?parent=53586"}],"wp:term":[{"taxonomy":"category","embeddable":true,"href":"https:\/\/construcaocivil.srv.br\/index.php\/wp-json\/wp\/v2\/categories?post=53586"},{"taxonomy":"post_tag","embeddable":true,"href":"https:\/\/construcaocivil.srv.br\/index.php\/wp-json\/wp\/v2\/tags?post=53586"}],"curies":[{"name":"wp","href":"https:\/\/api.w.org\/{rel}","templated":true}]}}