{"id":53576,"date":"2026-04-29T07:52:06","date_gmt":"2026-04-29T07:52:06","guid":{"rendered":"https:\/\/construcaocivil.srv.br\/index.php\/2026\/04\/29\/millionarios-x-sao-paulo-copa-sul-americana-28-04-2026\/"},"modified":"2026-04-29T07:52:06","modified_gmt":"2026-04-29T07:52:06","slug":"millionarios-x-sao-paulo-copa-sul-americana-28-04-2026","status":"publish","type":"post","link":"https:\/\/construcaocivil.srv.br\/index.php\/2026\/04\/29\/millionarios-x-sao-paulo-copa-sul-americana-28-04-2026\/","title":{"rendered":"Millionarios x S\u00e3o Paulo | Copa Sul-Americana | 28\/04\/2026"},"content":{"rendered":"<p>[bmto id=&#8221;1&#8243;]https:\/\/www.youtube.com\/watch?v=N4jHp8t0AMI[\/bmto]<\/p>\n<p>#BandNewsFM #BandNewsNa\u00c1rea #CopaSulamericana #Millionarios #Embajadores #S\u00e3oPaulo #TricolorPaulista<\/p>\n<p>Copa Sul-Americana<br \/>\nMillionarios x S\u00e3o Paulo (21h30)<br \/>\nLocal: Est\u00e1dio Nemesio Camacho El Camp\u00edn &#8211; Bogot\u00e1 &#8211; Col\u00f4mbia<\/p>\n<p>\ud83d\udd25 Narra\u00e7\u00e3o: Marcelo Do \u00d3<\/p>\n<p>\ud83c\udf99 Coment\u00e1rios: Cicinho<\/p>\n<p>\ud83c\udfa4 Reportagens: Lucas Bellotti<\/p>\n<p>\ud83c\udfaf Apresenta\u00e7\u00e3o e plant\u00e3o: Maur\u00edcio Ferreira<\/p>\n<p>\u2705 Escala\u00e7\u00f5es<br \/>\n\u2705 An\u00e1lises e coment\u00e1rios<br \/>\n\u2705 Bastidores direto do est\u00e1dio<br \/>\n\u2705 Intera\u00e7\u00e3o AO VIVO com a torcida<\/p>\n<p>\ud83d\udcac Participe no chat ou pelo WhatsApp: (11) 999-592-100<\/p>\n<p>Inscreva-se no canal e ative o sininho para n\u00e3o perder nenhuma transmiss\u00e3o: https:\/\/tinyurl.com\/inscricaobnfm<\/p>\n<p>Siga nas redes:<\/p>\n<p>Twitter: http:\/\/www.twitter.com\/radiobandnewsfm<\/p>\n<p>Instagram: http:\/\/www.instagram.com\/radiobandnewsfm<\/p>\n<p>Facebook: http:\/\/www.facebook.com\/radiobandnewsfm<\/p>\n<p>#BandNewsNa\u00c1rea #Brasileir\u00e3o #Futebol #BandNewsFM #FutebolAoVivo #An\u00e1liseEsportiva #DebateFutebol #NoticiasDoEsporte #BandAoVivo<\/p>\n","protected":false},"excerpt":{"rendered":"<p>[bmto id=&#8221;1&#8243;]https:\/\/www.youtube.com\/watch?v=N4jHp8t0AMI[\/bmto] #BandNewsFM #BandNewsNa\u00c1rea #CopaSulamericana #Millionarios #Embajadores #S\u00e3oPaulo #TricolorPaulista Copa Sul-Americana Millionarios x S\u00e3o Paulo (21h30) Local: Est\u00e1dio Nemesio Camacho El Camp\u00edn &#8211; Bogot\u00e1 &#8211; Col\u00f4mbia \ud83d\udd25 Narra\u00e7\u00e3o: Marcelo Do \u00d3 \ud83c\udf99 Coment\u00e1rios: Cicinho \ud83c\udfa4 Reportagens: Lucas Bellotti \ud83c\udfaf Apresenta\u00e7\u00e3o e plant\u00e3o: Maur\u00edcio Ferreira \u2705 Escala\u00e7\u00f5es \u2705 An\u00e1lises e coment\u00e1rios \u2705 Bastidores direto do est\u00e1dio [&hellip;]<\/p>\n","protected":false},"author":1,"featured_media":53577,"comment_status":"open","ping_status":"open","sticky":false,"template":"","format":"standard","meta":{"footnotes":""},"categories":[2],"tags":[],"class_list":["post-53576","post","type-post","status-publish","format-standard","has-post-thumbnail","hentry","category-videos"],"aioseo_notices":[],"_links":{"self":[{"href":"https:\/\/construcaocivil.srv.br\/index.php\/wp-json\/wp\/v2\/posts\/53576","targetHints":{"allow":["GET"]}}],"collection":[{"href":"https:\/\/construcaocivil.srv.br\/index.php\/wp-json\/wp\/v2\/posts"}],"about":[{"href":"https:\/\/construcaocivil.srv.br\/index.php\/wp-json\/wp\/v2\/types\/post"}],"author":[{"embeddable":true,"href":"https:\/\/construcaocivil.srv.br\/index.php\/wp-json\/wp\/v2\/users\/1"}],"replies":[{"embeddable":true,"href":"https:\/\/construcaocivil.srv.br\/index.php\/wp-json\/wp\/v2\/comments?post=53576"}],"version-history":[{"count":0,"href":"https:\/\/construcaocivil.srv.br\/index.php\/wp-json\/wp\/v2\/posts\/53576\/revisions"}],"wp:featuredmedia":[{"embeddable":true,"href":"https:\/\/construcaocivil.srv.br\/index.php\/wp-json\/wp\/v2\/media\/53577"}],"wp:attachment":[{"href":"https:\/\/construcaocivil.srv.br\/index.php\/wp-json\/wp\/v2\/media?parent=53576"}],"wp:term":[{"taxonomy":"category","embeddable":true,"href":"https:\/\/construcaocivil.srv.br\/index.php\/wp-json\/wp\/v2\/categories?post=53576"},{"taxonomy":"post_tag","embeddable":true,"href":"https:\/\/construcaocivil.srv.br\/index.php\/wp-json\/wp\/v2\/tags?post=53576"}],"curies":[{"name":"wp","href":"https:\/\/api.w.org\/{rel}","templated":true}]}}